{"id":13677,"date":"2024-04-26T09:46:56","date_gmt":"2024-04-26T08:46:56","guid":{"rendered":"https:\/\/rusticgestio.com\/?p=13677"},"modified":"2024-06-04T13:58:36","modified_gmt":"2024-06-04T12:58:36","slug":"finca-rustica-ermita-masia-vilademuls-pla-de-lestany-alt-emporda","status":"publish","type":"post","link":"https:\/\/rusticgestio.com\/es\/finca-rustica-ermita-masia-vilademuls-pla-de-lestany-alt-emporda\/","title":{"rendered":"Finca r\u00fastica con ermita y mas\u00eda en Vilademuls (Pla de l&#8217;Estany\/Alt Empord\u00e0)"},"content":{"rendered":"<p><b>Referencia<\/b><strong>:<\/strong> 180-3.347<\/p>\n<p><b>Municipio:<\/b> Vilademuls (Pla de l&#8217;Estany\/Alt Empord\u00e0)<\/p>\n<p><b>Superficie:<\/b> Finca de 3.347<\/p>\n<p><b>Edificaci\u00f3n: <\/b>Si est\u00e1s buscando una mas\u00eda en un entorno natural \u00fanico, en Vilademuls tenemos tu oportunidad. Una bonita ermita de Sant Baldiri adosada a la mas\u00eda, situada en una colina con vistas espectaculares ya tan solo 20 minutos de las playas del Alt Empord\u00e0. Con un acceso r\u00e1pido a la autopista, podr\u00e1s disfrutar de la tranquilidad del campo sin renunciar a la comodidad de la ciudad.<\/p>\n<p>La mas\u00eda tiene una parcela de 3.347 m2 con agua y luz en la parcela, y una construcci\u00f3n de 350 m2. Con 5 dormitorios y 1 ba\u00f1o, esta mas\u00eda es perfecta para aquellos que buscan un espacio amplio y c\u00f3modo para su familia.<\/p>\n<p>Adem\u00e1s, la mas\u00eda tiene una orientaci\u00f3n Sur que permite gozar de la luz del sol durante todo el d\u00eda, y un jard\u00edn que te transportar\u00e1 a la vida rural. Aunque necesita una reforma, la mas\u00eda es una oportunidad \u00fanica para quienes buscan un proyecto con car\u00e1cter y personalidad.<\/p>\n<p><b>Precio\u00a0de la finca:<\/b> <span style=\"color: #000000;\"><b>180.000 eur <\/b> \u20ac<\/span><\/p>\n<h3>Solicitar m\u00e1s informaci\u00f3n:<\/h3>\n\n<div class=\"wpcf7 no-js\" id=\"wpcf7-f874-o1\" lang=\"ca\" dir=\"ltr\" data-wpcf7-id=\"874\">\n<div class=\"screen-reader-response\"><p role=\"status\" aria-live=\"polite\" aria-atomic=\"true\"><\/p> <ul><\/ul><\/div>\n<form action=\"\/es\/wp-json\/wp\/v2\/posts\/13677#wpcf7-f874-o1\" method=\"post\" class=\"wpcf7-form init\" aria-label=\"Contact form\" novalidate=\"novalidate\" data-status=\"init\">\n<div style=\"display: none;\">\n<input type=\"hidden\" name=\"_wpcf7\" value=\"874\" \/>\n<input type=\"hidden\" name=\"_wpcf7_version\" value=\"6.0.3\" \/>\n<input type=\"hidden\" name=\"_wpcf7_locale\" value=\"ca\" \/>\n<input type=\"hidden\" name=\"_wpcf7_unit_tag\" value=\"wpcf7-f874-o1\" \/>\n<input type=\"hidden\" name=\"_wpcf7_container_post\" value=\"0\" \/>\n<input type=\"hidden\" name=\"_wpcf7_posted_data_hash\" value=\"\" \/>\n<input type=\"hidden\" name=\"_wpcf7dtx_version\" value=\"5.0.2\" \/>\n<input type=\"hidden\" name=\"_wpcf7_recaptcha_response\" value=\"\" \/>\n<\/div>\n<span class=\"wpcf7-form-control-wrap reference\" data-name=\"reference\"><input type=\"hidden\" name=\"reference\" class=\"wpcf7-form-control wpcf7-hidden wpcf7dtx wpcf7dtx-hidden\" aria-invalid=\"false\"><\/span>\n<p><label> Nombre (obligatorio)<br \/>\n<span class=\"wpcf7-form-control-wrap\" data-name=\"your-name\"><input size=\"40\" maxlength=\"400\" class=\"wpcf7-form-control wpcf7-text wpcf7-validates-as-required\" aria-required=\"true\" aria-invalid=\"false\" value=\"\" type=\"text\" name=\"your-name\" \/><\/span> <\/label>\n<\/p>\n<p><label> Correo electr\u00f3nico<br \/>\n<span class=\"wpcf7-form-control-wrap\" data-name=\"your-email\"><input size=\"40\" maxlength=\"400\" class=\"wpcf7-form-control wpcf7-email wpcf7-text wpcf7-validates-as-email\" aria-invalid=\"false\" value=\"\" type=\"email\" name=\"your-email\" \/><\/span> <\/label>\n<\/p>\n<p><label> Tel\u00e9fono (obligatorio)<br \/>\n<span class=\"wpcf7-form-control-wrap\" data-name=\"phone\"><input size=\"40\" maxlength=\"400\" class=\"wpcf7-form-control wpcf7-text wpcf7-validates-as-required\" aria-required=\"true\" aria-invalid=\"false\" value=\"\" type=\"text\" name=\"phone\" \/><\/span> <\/label>\n<\/p>\n<p><label> Mensaje<br \/>\n<span class=\"wpcf7-form-control-wrap\" data-name=\"your-message\"><textarea cols=\"40\" rows=\"10\" maxlength=\"2000\" class=\"wpcf7-form-control wpcf7-textarea\" aria-invalid=\"false\" name=\"your-message\"><\/textarea><\/span> <\/label>\n<\/p>\n<p>[mc4wp_checkbox]\n<\/p>\n<span class=\"wpcf7-form-control-wrap recaptcha\" data-name=\"recaptcha\"><span data-sitekey=\"6LcZ9OsSAAAAANjxkh4NS6aEb7OYBh3jm2is4tcA\" class=\"wpcf7-form-control wpcf7-recaptcha g-recaptcha\"><\/span>\r\n<noscript>\r\n\t<div class=\"grecaptcha-noscript\">\r\n\t\t<iframe loading=\"lazy\" src=\"https:\/\/www.google.com\/recaptcha\/api\/fallback?k=6LcZ9OsSAAAAANjxkh4NS6aEb7OYBh3jm2is4tcA\" frameborder=\"0\" scrolling=\"no\" width=\"310\" height=\"430\">\r\n\t\t<\/iframe>\r\n\t\t<textarea name=\"g-recaptcha-response\" rows=\"3\" cols=\"40\" placeholder=\"reCaptcha Response Here\">\r\n\t\t<\/textarea>\r\n\t<\/div>\r\n<\/noscript>\r\n<\/span>\n<p><input class=\"wpcf7-form-control wpcf7-submit has-spinner\" type=\"submit\" value=\"Enviar\" \/>\n<\/p><p style=\"display: none !important;\" class=\"akismet-fields-container\" data-prefix=\"_wpcf7_ak_\"><label>&#916;<textarea name=\"_wpcf7_ak_hp_textarea\" cols=\"45\" rows=\"8\" maxlength=\"100\"><\/textarea><\/label><input type=\"hidden\" id=\"ak_js_1\" name=\"_wpcf7_ak_js\" value=\"196\"\/><script>document.getElementById( \"ak_js_1\" ).setAttribute( \"value\", ( new Date() ).getTime() );<\/script><\/p><div class=\"wpcf7-response-output\" aria-hidden=\"true\"><\/div>\n<\/form>\n<\/div>\n\n","protected":false},"excerpt":{"rendered":"<p>Referencia: 180-3.347<br \/>\nMunicipio: Vilademuls (Pla de l&#8217;Estany\/Alt Empord\u00e0)<br \/>\nSi est\u00e1s buscando una mas\u00eda en un entorno natural \u00fanico, en Vilademuls tenemos tu oportunidad. Una bonita ermita de Sant Baldiri adosada a la mas\u00eda, situada en una colina con vistas espectaculares ya tan solo 20 minutos de las playas del Alt Empord\u00e0.<br \/>\nPrecio de la finca: 180.000 \u20ac<\/p>\n","protected":false},"author":1,"featured_media":13877,"comment_status":"open","ping_status":"open","sticky":false,"template":"","format":"gallery","meta":{"footnotes":""},"categories":[48,58,69],"tags":[],"class_list":["post-13677","post","type-post","status-publish","format-gallery","has-post-thumbnail","hentry","category-masias-fincas-rusticas-gerona","category-masias-fincas-rusticas-cataluna","category-masias-fincas-rusticas-pla-de-estany","post_format-post-format-gallery"],"yoast_head":"<!-- This site is optimized with the Yoast SEO plugin v24.3 - https:\/\/yoast.com\/wordpress\/plugins\/seo\/ -->\n<title>Finca r\u00fastica con ermita y mas\u00eda en Vilademuls (Pla de l&#039;Estany\/Alt Empord\u00e0) - R\u00fastic Gesti\u00f3<\/title>\n<meta name=\"description\" content=\"Finca r\u00fastica con ermita y mas\u00eda en Vilademuls (Pla de l&#039;Estany\/Alt Empord\u00e0) | Masias Catalanas con gran superficie de bosque y pasturas. R\u00fastic Gesti\u00f3, Masias y Fincas R\u00fasticas en Venta.\" \/>\n<meta name=\"robots\" content=\"index, follow, max-snippet:-1, max-image-preview:large, max-video-preview:-1\" \/>\n<link rel=\"canonical\" href=\"https:\/\/rusticgestio.com\/es\/finca-rustica-ermita-masia-vilademuls-pla-de-lestany-alt-emporda\/\" \/>\n<meta property=\"og:locale\" content=\"es_ES\" \/>\n<meta property=\"og:type\" content=\"article\" \/>\n<meta property=\"og:title\" content=\"Finca r\u00fastica con ermita y mas\u00eda en Vilademuls (Pla de l&#039;Estany\/Alt Empord\u00e0) - R\u00fastic Gesti\u00f3\" \/>\n<meta property=\"og:description\" content=\"Finca r\u00fastica con ermita y mas\u00eda en Vilademuls (Pla de l&#039;Estany\/Alt Empord\u00e0) | Masias Catalanas con gran superficie de bosque y pasturas. R\u00fastic Gesti\u00f3, Masias y Fincas R\u00fasticas en Venta.\" \/>\n<meta property=\"og:url\" content=\"https:\/\/rusticgestio.com\/es\/finca-rustica-ermita-masia-vilademuls-pla-de-lestany-alt-emporda\/\" \/>\n<meta property=\"og:site_name\" content=\"R\u00fastic Gesti\u00f3\" \/>\n<meta property=\"article:published_time\" content=\"2024-04-26T08:46:56+00:00\" \/>\n<meta property=\"article:modified_time\" content=\"2024-06-04T12:58:36+00:00\" \/>\n<meta property=\"og:image\" content=\"https:\/\/rusticgestio.com\/wp-content\/uploads\/2024\/04\/02-Sant-Baldiri-net_Pagina_1-scaled.jpg\" \/>\n\t<meta property=\"og:image:width\" content=\"2560\" \/>\n\t<meta property=\"og:image:height\" content=\"1918\" \/>\n\t<meta property=\"og:image:type\" content=\"image\/jpeg\" \/>\n<meta name=\"author\" content=\"rusticgestio.com\" \/>\n<meta name=\"twitter:card\" content=\"summary_large_image\" \/>\n<meta name=\"twitter:label1\" content=\"Written by\" \/>\n\t<meta name=\"twitter:data1\" content=\"rusticgestio.com\" \/>\n\t<meta name=\"twitter:label2\" content=\"Est. reading time\" \/>\n\t<meta name=\"twitter:data2\" content=\"1 minute\" \/>\n<script type=\"application\/ld+json\" class=\"yoast-schema-graph\">{\"@context\":\"https:\/\/schema.org\",\"@graph\":[{\"@type\":\"WebPage\",\"@id\":\"https:\/\/rusticgestio.com\/es\/finca-rustica-ermita-masia-vilademuls-pla-de-lestany-alt-emporda\/\",\"url\":\"https:\/\/rusticgestio.com\/es\/finca-rustica-ermita-masia-vilademuls-pla-de-lestany-alt-emporda\/\",\"name\":\"Finca r\u00fastica con ermita y mas\u00eda en Vilademuls (Pla de l'Estany\/Alt Empord\u00e0) - R\u00fastic Gesti\u00f3\",\"isPartOf\":{\"@id\":\"https:\/\/rusticgestio.com\/#website\"},\"primaryImageOfPage\":{\"@id\":\"https:\/\/rusticgestio.com\/es\/finca-rustica-ermita-masia-vilademuls-pla-de-lestany-alt-emporda\/#primaryimage\"},\"image\":{\"@id\":\"https:\/\/rusticgestio.com\/es\/finca-rustica-ermita-masia-vilademuls-pla-de-lestany-alt-emporda\/#primaryimage\"},\"thumbnailUrl\":\"https:\/\/rusticgestio.com\/wp-content\/uploads\/2024\/04\/02-Sant-Baldiri-net_Pagina_1-scaled.jpg\",\"datePublished\":\"2024-04-26T08:46:56+00:00\",\"dateModified\":\"2024-06-04T12:58:36+00:00\",\"author\":{\"@id\":\"https:\/\/rusticgestio.com\/#\/schema\/person\/2a30395d5021b419f32b964826a41d5c\"},\"description\":\"Finca r\u00fastica con ermita y mas\u00eda en Vilademuls (Pla de l'Estany\/Alt Empord\u00e0) | Masias Catalanas con gran superficie de bosque y pasturas. R\u00fastic Gesti\u00f3, Masias y Fincas R\u00fasticas en Venta.\",\"breadcrumb\":{\"@id\":\"https:\/\/rusticgestio.com\/es\/finca-rustica-ermita-masia-vilademuls-pla-de-lestany-alt-emporda\/#breadcrumb\"},\"inLanguage\":\"es-ES\",\"potentialAction\":[{\"@type\":\"ReadAction\",\"target\":[\"https:\/\/rusticgestio.com\/es\/finca-rustica-ermita-masia-vilademuls-pla-de-lestany-alt-emporda\/\"]}]},{\"@type\":\"ImageObject\",\"inLanguage\":\"es-ES\",\"@id\":\"https:\/\/rusticgestio.com\/es\/finca-rustica-ermita-masia-vilademuls-pla-de-lestany-alt-emporda\/#primaryimage\",\"url\":\"https:\/\/rusticgestio.com\/wp-content\/uploads\/2024\/04\/02-Sant-Baldiri-net_Pagina_1-scaled.jpg\",\"contentUrl\":\"https:\/\/rusticgestio.com\/wp-content\/uploads\/2024\/04\/02-Sant-Baldiri-net_Pagina_1-scaled.jpg\",\"width\":2560,\"height\":1918},{\"@type\":\"BreadcrumbList\",\"@id\":\"https:\/\/rusticgestio.com\/es\/finca-rustica-ermita-masia-vilademuls-pla-de-lestany-alt-emporda\/#breadcrumb\",\"itemListElement\":[{\"@type\":\"ListItem\",\"position\":1,\"name\":\"Inici\",\"item\":\"https:\/\/rusticgestio.com\/es\/\"},{\"@type\":\"ListItem\",\"position\":2,\"name\":\"Finca r\u00fastica con ermita y mas\u00eda en Vilademuls (Pla de l&#8217;Estany\/Alt Empord\u00e0)\"}]},{\"@type\":\"WebSite\",\"@id\":\"https:\/\/rusticgestio.com\/#website\",\"url\":\"https:\/\/rusticgestio.com\/\",\"name\":\"R\u00fastic Gesti\u00f3\",\"description\":\"Altre lloc gestionat amb el WordPress\",\"potentialAction\":[{\"@type\":\"SearchAction\",\"target\":{\"@type\":\"EntryPoint\",\"urlTemplate\":\"https:\/\/rusticgestio.com\/?s={search_term_string}\"},\"query-input\":{\"@type\":\"PropertyValueSpecification\",\"valueRequired\":true,\"valueName\":\"search_term_string\"}}],\"inLanguage\":\"es-ES\"},{\"@type\":\"Person\",\"@id\":\"https:\/\/rusticgestio.com\/#\/schema\/person\/2a30395d5021b419f32b964826a41d5c\",\"name\":\"rusticgestio.com\",\"image\":{\"@type\":\"ImageObject\",\"inLanguage\":\"es-ES\",\"@id\":\"https:\/\/rusticgestio.com\/#\/schema\/person\/image\/\",\"url\":\"https:\/\/secure.gravatar.com\/avatar\/c0221d497a42c388a593d7e92f6fc77f?s=96&d=mm&r=g\",\"contentUrl\":\"https:\/\/secure.gravatar.com\/avatar\/c0221d497a42c388a593d7e92f6fc77f?s=96&d=mm&r=g\",\"caption\":\"rusticgestio.com\"},\"url\":\"https:\/\/rusticgestio.com\/es\/author\/rust1c\/\"}]}<\/script>\n<!-- \/ Yoast SEO plugin. -->","yoast_head_json":{"title":"Finca r\u00fastica con ermita y mas\u00eda en Vilademuls (Pla de l'Estany\/Alt Empord\u00e0) - R\u00fastic Gesti\u00f3","description":"Finca r\u00fastica con ermita y mas\u00eda en Vilademuls (Pla de l'Estany\/Alt Empord\u00e0) | Masias Catalanas con gran superficie de bosque y pasturas. R\u00fastic Gesti\u00f3, Masias y Fincas R\u00fasticas en Venta.","robots":{"index":"index","follow":"follow","max-snippet":"max-snippet:-1","max-image-preview":"max-image-preview:large","max-video-preview":"max-video-preview:-1"},"canonical":"https:\/\/rusticgestio.com\/es\/finca-rustica-ermita-masia-vilademuls-pla-de-lestany-alt-emporda\/","og_locale":"es_ES","og_type":"article","og_title":"Finca r\u00fastica con ermita y mas\u00eda en Vilademuls (Pla de l'Estany\/Alt Empord\u00e0) - R\u00fastic Gesti\u00f3","og_description":"Finca r\u00fastica con ermita y mas\u00eda en Vilademuls (Pla de l'Estany\/Alt Empord\u00e0) | Masias Catalanas con gran superficie de bosque y pasturas. R\u00fastic Gesti\u00f3, Masias y Fincas R\u00fasticas en Venta.","og_url":"https:\/\/rusticgestio.com\/es\/finca-rustica-ermita-masia-vilademuls-pla-de-lestany-alt-emporda\/","og_site_name":"R\u00fastic Gesti\u00f3","article_published_time":"2024-04-26T08:46:56+00:00","article_modified_time":"2024-06-04T12:58:36+00:00","og_image":[{"width":2560,"height":1918,"url":"https:\/\/rusticgestio.com\/wp-content\/uploads\/2024\/04\/02-Sant-Baldiri-net_Pagina_1-scaled.jpg","type":"image\/jpeg"}],"author":"rusticgestio.com","twitter_card":"summary_large_image","twitter_misc":{"Written by":"rusticgestio.com","Est. reading time":"1 minute"},"schema":{"@context":"https:\/\/schema.org","@graph":[{"@type":"WebPage","@id":"https:\/\/rusticgestio.com\/es\/finca-rustica-ermita-masia-vilademuls-pla-de-lestany-alt-emporda\/","url":"https:\/\/rusticgestio.com\/es\/finca-rustica-ermita-masia-vilademuls-pla-de-lestany-alt-emporda\/","name":"Finca r\u00fastica con ermita y mas\u00eda en Vilademuls (Pla de l'Estany\/Alt Empord\u00e0) - R\u00fastic Gesti\u00f3","isPartOf":{"@id":"https:\/\/rusticgestio.com\/#website"},"primaryImageOfPage":{"@id":"https:\/\/rusticgestio.com\/es\/finca-rustica-ermita-masia-vilademuls-pla-de-lestany-alt-emporda\/#primaryimage"},"image":{"@id":"https:\/\/rusticgestio.com\/es\/finca-rustica-ermita-masia-vilademuls-pla-de-lestany-alt-emporda\/#primaryimage"},"thumbnailUrl":"https:\/\/rusticgestio.com\/wp-content\/uploads\/2024\/04\/02-Sant-Baldiri-net_Pagina_1-scaled.jpg","datePublished":"2024-04-26T08:46:56+00:00","dateModified":"2024-06-04T12:58:36+00:00","author":{"@id":"https:\/\/rusticgestio.com\/#\/schema\/person\/2a30395d5021b419f32b964826a41d5c"},"description":"Finca r\u00fastica con ermita y mas\u00eda en Vilademuls (Pla de l'Estany\/Alt Empord\u00e0) | Masias Catalanas con gran superficie de bosque y pasturas. R\u00fastic Gesti\u00f3, Masias y Fincas R\u00fasticas en Venta.","breadcrumb":{"@id":"https:\/\/rusticgestio.com\/es\/finca-rustica-ermita-masia-vilademuls-pla-de-lestany-alt-emporda\/#breadcrumb"},"inLanguage":"es-ES","potentialAction":[{"@type":"ReadAction","target":["https:\/\/rusticgestio.com\/es\/finca-rustica-ermita-masia-vilademuls-pla-de-lestany-alt-emporda\/"]}]},{"@type":"ImageObject","inLanguage":"es-ES","@id":"https:\/\/rusticgestio.com\/es\/finca-rustica-ermita-masia-vilademuls-pla-de-lestany-alt-emporda\/#primaryimage","url":"https:\/\/rusticgestio.com\/wp-content\/uploads\/2024\/04\/02-Sant-Baldiri-net_Pagina_1-scaled.jpg","contentUrl":"https:\/\/rusticgestio.com\/wp-content\/uploads\/2024\/04\/02-Sant-Baldiri-net_Pagina_1-scaled.jpg","width":2560,"height":1918},{"@type":"BreadcrumbList","@id":"https:\/\/rusticgestio.com\/es\/finca-rustica-ermita-masia-vilademuls-pla-de-lestany-alt-emporda\/#breadcrumb","itemListElement":[{"@type":"ListItem","position":1,"name":"Inici","item":"https:\/\/rusticgestio.com\/es\/"},{"@type":"ListItem","position":2,"name":"Finca r\u00fastica con ermita y mas\u00eda en Vilademuls (Pla de l&#8217;Estany\/Alt Empord\u00e0)"}]},{"@type":"WebSite","@id":"https:\/\/rusticgestio.com\/#website","url":"https:\/\/rusticgestio.com\/","name":"R\u00fastic Gesti\u00f3","description":"Altre lloc gestionat amb el WordPress","potentialAction":[{"@type":"SearchAction","target":{"@type":"EntryPoint","urlTemplate":"https:\/\/rusticgestio.com\/?s={search_term_string}"},"query-input":{"@type":"PropertyValueSpecification","valueRequired":true,"valueName":"search_term_string"}}],"inLanguage":"es-ES"},{"@type":"Person","@id":"https:\/\/rusticgestio.com\/#\/schema\/person\/2a30395d5021b419f32b964826a41d5c","name":"rusticgestio.com","image":{"@type":"ImageObject","inLanguage":"es-ES","@id":"https:\/\/rusticgestio.com\/#\/schema\/person\/image\/","url":"https:\/\/secure.gravatar.com\/avatar\/c0221d497a42c388a593d7e92f6fc77f?s=96&d=mm&r=g","contentUrl":"https:\/\/secure.gravatar.com\/avatar\/c0221d497a42c388a593d7e92f6fc77f?s=96&d=mm&r=g","caption":"rusticgestio.com"},"url":"https:\/\/rusticgestio.com\/es\/author\/rust1c\/"}]}},"_links":{"self":[{"href":"https:\/\/rusticgestio.com\/es\/wp-json\/wp\/v2\/posts\/13677","targetHints":{"allow":["GET"]}}],"collection":[{"href":"https:\/\/rusticgestio.com\/es\/wp-json\/wp\/v2\/posts"}],"about":[{"href":"https:\/\/rusticgestio.com\/es\/wp-json\/wp\/v2\/types\/post"}],"author":[{"embeddable":true,"href":"https:\/\/rusticgestio.com\/es\/wp-json\/wp\/v2\/users\/1"}],"replies":[{"embeddable":true,"href":"https:\/\/rusticgestio.com\/es\/wp-json\/wp\/v2\/comments?post=13677"}],"version-history":[{"count":4,"href":"https:\/\/rusticgestio.com\/es\/wp-json\/wp\/v2\/posts\/13677\/revisions"}],"predecessor-version":[{"id":13986,"href":"https:\/\/rusticgestio.com\/es\/wp-json\/wp\/v2\/posts\/13677\/revisions\/13986"}],"wp:featuredmedia":[{"embeddable":true,"href":"https:\/\/rusticgestio.com\/es\/wp-json\/wp\/v2\/media\/13877"}],"wp:attachment":[{"href":"https:\/\/rusticgestio.com\/es\/wp-json\/wp\/v2\/media?parent=13677"}],"wp:term":[{"taxonomy":"category","embeddable":true,"href":"https:\/\/rusticgestio.com\/es\/wp-json\/wp\/v2\/categories?post=13677"},{"taxonomy":"post_tag","embeddable":true,"href":"https:\/\/rusticgestio.com\/es\/wp-json\/wp\/v2\/tags?post=13677"}],"curies":[{"name":"wp","href":"https:\/\/api.w.org\/{rel}","templated":true}]}}