{"id":12329,"date":"2023-05-23T16:31:14","date_gmt":"2023-05-23T15:31:14","guid":{"rendered":"https:\/\/rusticgestio.com\/?p=12329"},"modified":"2023-09-28T09:00:02","modified_gmt":"2023-09-28T08:00:02","slug":"finca-rustica-3-masias-turismo-rural-crespia","status":"publish","type":"post","link":"https:\/\/rusticgestio.com\/es\/finca-rustica-3-masias-turismo-rural-crespia\/","title":{"rendered":"Finca r\u00fastica con 3 mas\u00edas de turismo rural en Crespi\u00e0 (Pla de l&#8217;Estany)"},"content":{"rendered":"<p>Referencia: 2.450-3<\/p>\n<p><strong>Municipio:<\/strong> Crespi\u00e0 (Pla de l&#8217;Estany)<\/p>\n<p><strong>Superficie:<\/strong> 3 Has<\/p>\n<p><strong>Edificaci\u00f3n:<\/strong> Finca r\u00fastica con 3 mas\u00edas, dos de ellas destinadas al turismo rural con 32 plazas y la casa principal dedicada a la vivienda particular. En total suma unos 2.000 m2 totalmente rehabilitados. Dispone de piscina y amplios jardines con zonas exteriores privadas y zonas compartidas. Muy buen acceso y con todos los servicios.<\/p>\n<p>En la masover\u00eda &#8220;Pel\u00b7legrins&#8221; hay 3 alojamientos que se pueden alquilar juntos o por separado:<\/p>\n<p>\u201cEl Til.ler\u201d, con dos habitaciones y 1 ba\u00f1o para 2\/5 personas<br \/>\n\u201cLa Bassa\u201d, con dos habitaciones y 2 ba\u00f1os para 2\/5 personas<br \/>\n\u201cEl Pruner\u201d, con dos habitaciones y 2 ba\u00f1os para 2\/5 personas<br \/>\nEn la masover\u00eda \u201cLaboratori\u201d hay 2 alojamientos que se pueden alquilar juntos o por separado:<br \/>\n\u201cEl Llorer\u201d, con dos habitaciones y 1 ba\u00f1o para 2\/5 personas<br \/>\n\u201cL\u2019Era\u201d, con 4 habitaciones y 3 ba\u00f1os para 8\/12 personas<\/p>\n<p style=\"text-align: left;\"><b>Precio de la finca:<\/b><span style=\"color: #ff0000;\"><b> 2.450.000 eur<\/b><\/span><\/p>\n<h3><strong>Solicitar m\u00e1s informaci\u00f3n:<\/strong><\/h3>\n\n<div class=\"wpcf7 no-js\" id=\"wpcf7-f874-o1\" lang=\"ca\" dir=\"ltr\" data-wpcf7-id=\"874\">\n<div class=\"screen-reader-response\"><p role=\"status\" aria-live=\"polite\" aria-atomic=\"true\"><\/p> <ul><\/ul><\/div>\n<form action=\"\/es\/wp-json\/wp\/v2\/posts\/12329#wpcf7-f874-o1\" method=\"post\" class=\"wpcf7-form init\" aria-label=\"Contact form\" novalidate=\"novalidate\" data-status=\"init\">\n<div style=\"display: none;\">\n<input type=\"hidden\" name=\"_wpcf7\" value=\"874\" \/>\n<input type=\"hidden\" name=\"_wpcf7_version\" value=\"6.0.3\" \/>\n<input type=\"hidden\" name=\"_wpcf7_locale\" value=\"ca\" \/>\n<input type=\"hidden\" name=\"_wpcf7_unit_tag\" value=\"wpcf7-f874-o1\" \/>\n<input type=\"hidden\" name=\"_wpcf7_container_post\" value=\"0\" \/>\n<input type=\"hidden\" name=\"_wpcf7_posted_data_hash\" value=\"\" \/>\n<input type=\"hidden\" name=\"_wpcf7dtx_version\" value=\"5.0.2\" \/>\n<input type=\"hidden\" name=\"_wpcf7_recaptcha_response\" value=\"\" \/>\n<\/div>\n<span class=\"wpcf7-form-control-wrap reference\" data-name=\"reference\"><input type=\"hidden\" name=\"reference\" class=\"wpcf7-form-control wpcf7-hidden wpcf7dtx wpcf7dtx-hidden\" aria-invalid=\"false\"><\/span>\n<p><label> Nombre (obligatorio)<br \/>\n<span class=\"wpcf7-form-control-wrap\" data-name=\"your-name\"><input size=\"40\" maxlength=\"400\" class=\"wpcf7-form-control wpcf7-text wpcf7-validates-as-required\" aria-required=\"true\" aria-invalid=\"false\" value=\"\" type=\"text\" name=\"your-name\" \/><\/span> <\/label>\n<\/p>\n<p><label> Correo electr\u00f3nico<br \/>\n<span class=\"wpcf7-form-control-wrap\" data-name=\"your-email\"><input size=\"40\" maxlength=\"400\" class=\"wpcf7-form-control wpcf7-email wpcf7-text wpcf7-validates-as-email\" aria-invalid=\"false\" value=\"\" type=\"email\" name=\"your-email\" \/><\/span> <\/label>\n<\/p>\n<p><label> Tel\u00e9fono (obligatorio)<br \/>\n<span class=\"wpcf7-form-control-wrap\" data-name=\"phone\"><input size=\"40\" maxlength=\"400\" class=\"wpcf7-form-control wpcf7-text wpcf7-validates-as-required\" aria-required=\"true\" aria-invalid=\"false\" value=\"\" type=\"text\" name=\"phone\" \/><\/span> <\/label>\n<\/p>\n<p><label> Mensaje<br \/>\n<span class=\"wpcf7-form-control-wrap\" data-name=\"your-message\"><textarea cols=\"40\" rows=\"10\" maxlength=\"2000\" class=\"wpcf7-form-control wpcf7-textarea\" aria-invalid=\"false\" name=\"your-message\"><\/textarea><\/span> <\/label>\n<\/p>\n<p>[mc4wp_checkbox]\n<\/p>\n<span class=\"wpcf7-form-control-wrap recaptcha\" data-name=\"recaptcha\"><span data-sitekey=\"6LcZ9OsSAAAAANjxkh4NS6aEb7OYBh3jm2is4tcA\" class=\"wpcf7-form-control wpcf7-recaptcha g-recaptcha\"><\/span>\r\n<noscript>\r\n\t<div class=\"grecaptcha-noscript\">\r\n\t\t<iframe loading=\"lazy\" src=\"https:\/\/www.google.com\/recaptcha\/api\/fallback?k=6LcZ9OsSAAAAANjxkh4NS6aEb7OYBh3jm2is4tcA\" frameborder=\"0\" scrolling=\"no\" width=\"310\" height=\"430\">\r\n\t\t<\/iframe>\r\n\t\t<textarea name=\"g-recaptcha-response\" rows=\"3\" cols=\"40\" placeholder=\"reCaptcha Response Here\">\r\n\t\t<\/textarea>\r\n\t<\/div>\r\n<\/noscript>\r\n<\/span>\n<p><input class=\"wpcf7-form-control wpcf7-submit has-spinner\" type=\"submit\" value=\"Enviar\" \/>\n<\/p><p style=\"display: none !important;\" class=\"akismet-fields-container\" data-prefix=\"_wpcf7_ak_\"><label>&#916;<textarea name=\"_wpcf7_ak_hp_textarea\" cols=\"45\" rows=\"8\" maxlength=\"100\"><\/textarea><\/label><input type=\"hidden\" id=\"ak_js_1\" name=\"_wpcf7_ak_js\" value=\"236\"\/><script>document.getElementById( \"ak_js_1\" ).setAttribute( \"value\", ( new Date() ).getTime() );<\/script><\/p><div class=\"wpcf7-response-output\" aria-hidden=\"true\"><\/div>\n<\/form>\n<\/div>\n\n","protected":false},"excerpt":{"rendered":"<p>Referencia: 2450-30<br \/>\nMunicipio: Crespi\u00e0 (Pla de l&#8217;Estany)<br \/>\nSuperficie: 3 Has.<br \/>\nFinca r\u00fastica con 3 mas\u00edas, dos de ellas destinadas al turismo rural con 32 plazas y la casa principal dedicada a la vivienda particular. En total suma unos 2.000 m2 totalmente rehabilitados. Dispone de piscina y amplios jardines con zonas exteriores privadas y zonas compartidas. Muy buen acceso y con todos los servicios.<br \/>\nPrecio de la finca: 2.450.000 \u20ac<\/p>\n","protected":false},"author":1,"featured_media":12333,"comment_status":"open","ping_status":"open","sticky":false,"template":"","format":"gallery","meta":{"footnotes":""},"categories":[58,69,73],"tags":[],"class_list":["post-12329","post","type-post","status-publish","format-gallery","has-post-thumbnail","hentry","category-masias-fincas-rusticas-cataluna","category-masias-fincas-rusticas-pla-de-estany","category-venta-masias-fincas-girones","post_format-post-format-gallery"],"yoast_head":"<!-- This site is optimized with the Yoast SEO plugin v24.3 - https:\/\/yoast.com\/wordpress\/plugins\/seo\/ -->\n<title>Finca r\u00fastica con 3 mas\u00edas de turismo rural en Crespi\u00e0 (Pla de l&#039;Estany) - R\u00fastic Gesti\u00f3<\/title>\n<meta name=\"description\" content=\"Finca en venta en Crespi\u00e0 (Pla de l&#039;Estany) | Mas\u00eda Catalana y Masover\u00edas habitables con superficie de cultivo. R\u00fastic Gesti\u00f3, Mas\u00edas y Fincas R\u00fasticas\" \/>\n<meta name=\"robots\" content=\"index, follow, max-snippet:-1, max-image-preview:large, max-video-preview:-1\" \/>\n<link rel=\"canonical\" href=\"https:\/\/rusticgestio.com\/es\/finca-rustica-3-masias-turismo-rural-crespia\/\" \/>\n<meta property=\"og:locale\" content=\"es_ES\" \/>\n<meta property=\"og:type\" content=\"article\" \/>\n<meta property=\"og:title\" content=\"Finca r\u00fastica con 3 mas\u00edas de turismo rural en Crespi\u00e0 (Pla de l&#039;Estany) - R\u00fastic Gesti\u00f3\" \/>\n<meta property=\"og:description\" content=\"Finca en venta en Crespi\u00e0 (Pla de l&#039;Estany) | Mas\u00eda Catalana y Masover\u00edas habitables con superficie de cultivo. R\u00fastic Gesti\u00f3, Mas\u00edas y Fincas R\u00fasticas\" \/>\n<meta property=\"og:url\" content=\"https:\/\/rusticgestio.com\/es\/finca-rustica-3-masias-turismo-rural-crespia\/\" \/>\n<meta property=\"og:site_name\" content=\"R\u00fastic Gesti\u00f3\" \/>\n<meta property=\"article:published_time\" content=\"2023-05-23T15:31:14+00:00\" \/>\n<meta property=\"article:modified_time\" content=\"2023-09-28T08:00:02+00:00\" \/>\n<meta property=\"og:image\" content=\"https:\/\/rusticgestio.com\/wp-content\/uploads\/2023\/05\/Mas-Teixidor-de-Crespia_Pagina_2-scaled.jpg\" \/>\n\t<meta property=\"og:image:width\" content=\"2560\" \/>\n\t<meta property=\"og:image:height\" content=\"1653\" \/>\n\t<meta property=\"og:image:type\" content=\"image\/jpeg\" \/>\n<meta name=\"author\" content=\"rusticgestio.com\" \/>\n<meta name=\"twitter:card\" content=\"summary_large_image\" \/>\n<meta name=\"twitter:label1\" content=\"Written by\" \/>\n\t<meta name=\"twitter:data1\" content=\"rusticgestio.com\" \/>\n\t<meta name=\"twitter:label2\" content=\"Est. reading time\" \/>\n\t<meta name=\"twitter:data2\" content=\"1 minute\" \/>\n<script type=\"application\/ld+json\" class=\"yoast-schema-graph\">{\"@context\":\"https:\/\/schema.org\",\"@graph\":[{\"@type\":\"WebPage\",\"@id\":\"https:\/\/rusticgestio.com\/es\/finca-rustica-3-masias-turismo-rural-crespia\/\",\"url\":\"https:\/\/rusticgestio.com\/es\/finca-rustica-3-masias-turismo-rural-crespia\/\",\"name\":\"Finca r\u00fastica con 3 mas\u00edas de turismo rural en Crespi\u00e0 (Pla de l'Estany) - R\u00fastic Gesti\u00f3\",\"isPartOf\":{\"@id\":\"https:\/\/rusticgestio.com\/#website\"},\"primaryImageOfPage\":{\"@id\":\"https:\/\/rusticgestio.com\/es\/finca-rustica-3-masias-turismo-rural-crespia\/#primaryimage\"},\"image\":{\"@id\":\"https:\/\/rusticgestio.com\/es\/finca-rustica-3-masias-turismo-rural-crespia\/#primaryimage\"},\"thumbnailUrl\":\"https:\/\/rusticgestio.com\/wp-content\/uploads\/2023\/05\/Mas-Teixidor-de-Crespia_Pagina_2-scaled.jpg\",\"datePublished\":\"2023-05-23T15:31:14+00:00\",\"dateModified\":\"2023-09-28T08:00:02+00:00\",\"author\":{\"@id\":\"https:\/\/rusticgestio.com\/#\/schema\/person\/2a30395d5021b419f32b964826a41d5c\"},\"description\":\"Finca en venta en Crespi\u00e0 (Pla de l'Estany) | Mas\u00eda Catalana y Masover\u00edas habitables con superficie de cultivo. R\u00fastic Gesti\u00f3, Mas\u00edas y Fincas R\u00fasticas\",\"breadcrumb\":{\"@id\":\"https:\/\/rusticgestio.com\/es\/finca-rustica-3-masias-turismo-rural-crespia\/#breadcrumb\"},\"inLanguage\":\"es-ES\",\"potentialAction\":[{\"@type\":\"ReadAction\",\"target\":[\"https:\/\/rusticgestio.com\/es\/finca-rustica-3-masias-turismo-rural-crespia\/\"]}]},{\"@type\":\"ImageObject\",\"inLanguage\":\"es-ES\",\"@id\":\"https:\/\/rusticgestio.com\/es\/finca-rustica-3-masias-turismo-rural-crespia\/#primaryimage\",\"url\":\"https:\/\/rusticgestio.com\/wp-content\/uploads\/2023\/05\/Mas-Teixidor-de-Crespia_Pagina_2-scaled.jpg\",\"contentUrl\":\"https:\/\/rusticgestio.com\/wp-content\/uploads\/2023\/05\/Mas-Teixidor-de-Crespia_Pagina_2-scaled.jpg\",\"width\":2560,\"height\":1653},{\"@type\":\"BreadcrumbList\",\"@id\":\"https:\/\/rusticgestio.com\/es\/finca-rustica-3-masias-turismo-rural-crespia\/#breadcrumb\",\"itemListElement\":[{\"@type\":\"ListItem\",\"position\":1,\"name\":\"Inici\",\"item\":\"https:\/\/rusticgestio.com\/es\/\"},{\"@type\":\"ListItem\",\"position\":2,\"name\":\"Finca r\u00fastica con 3 mas\u00edas de turismo rural en Crespi\u00e0 (Pla de l&#8217;Estany)\"}]},{\"@type\":\"WebSite\",\"@id\":\"https:\/\/rusticgestio.com\/#website\",\"url\":\"https:\/\/rusticgestio.com\/\",\"name\":\"R\u00fastic Gesti\u00f3\",\"description\":\"Altre lloc gestionat amb el WordPress\",\"potentialAction\":[{\"@type\":\"SearchAction\",\"target\":{\"@type\":\"EntryPoint\",\"urlTemplate\":\"https:\/\/rusticgestio.com\/?s={search_term_string}\"},\"query-input\":{\"@type\":\"PropertyValueSpecification\",\"valueRequired\":true,\"valueName\":\"search_term_string\"}}],\"inLanguage\":\"es-ES\"},{\"@type\":\"Person\",\"@id\":\"https:\/\/rusticgestio.com\/#\/schema\/person\/2a30395d5021b419f32b964826a41d5c\",\"name\":\"rusticgestio.com\",\"image\":{\"@type\":\"ImageObject\",\"inLanguage\":\"es-ES\",\"@id\":\"https:\/\/rusticgestio.com\/#\/schema\/person\/image\/\",\"url\":\"https:\/\/secure.gravatar.com\/avatar\/c0221d497a42c388a593d7e92f6fc77f?s=96&d=mm&r=g\",\"contentUrl\":\"https:\/\/secure.gravatar.com\/avatar\/c0221d497a42c388a593d7e92f6fc77f?s=96&d=mm&r=g\",\"caption\":\"rusticgestio.com\"},\"url\":\"https:\/\/rusticgestio.com\/es\/author\/rust1c\/\"}]}<\/script>\n<!-- \/ Yoast SEO plugin. -->","yoast_head_json":{"title":"Finca r\u00fastica con 3 mas\u00edas de turismo rural en Crespi\u00e0 (Pla de l'Estany) - R\u00fastic Gesti\u00f3","description":"Finca en venta en Crespi\u00e0 (Pla de l'Estany) | Mas\u00eda Catalana y Masover\u00edas habitables con superficie de cultivo. R\u00fastic Gesti\u00f3, Mas\u00edas y Fincas R\u00fasticas","robots":{"index":"index","follow":"follow","max-snippet":"max-snippet:-1","max-image-preview":"max-image-preview:large","max-video-preview":"max-video-preview:-1"},"canonical":"https:\/\/rusticgestio.com\/es\/finca-rustica-3-masias-turismo-rural-crespia\/","og_locale":"es_ES","og_type":"article","og_title":"Finca r\u00fastica con 3 mas\u00edas de turismo rural en Crespi\u00e0 (Pla de l'Estany) - R\u00fastic Gesti\u00f3","og_description":"Finca en venta en Crespi\u00e0 (Pla de l'Estany) | Mas\u00eda Catalana y Masover\u00edas habitables con superficie de cultivo. R\u00fastic Gesti\u00f3, Mas\u00edas y Fincas R\u00fasticas","og_url":"https:\/\/rusticgestio.com\/es\/finca-rustica-3-masias-turismo-rural-crespia\/","og_site_name":"R\u00fastic Gesti\u00f3","article_published_time":"2023-05-23T15:31:14+00:00","article_modified_time":"2023-09-28T08:00:02+00:00","og_image":[{"width":2560,"height":1653,"url":"https:\/\/rusticgestio.com\/wp-content\/uploads\/2023\/05\/Mas-Teixidor-de-Crespia_Pagina_2-scaled.jpg","type":"image\/jpeg"}],"author":"rusticgestio.com","twitter_card":"summary_large_image","twitter_misc":{"Written by":"rusticgestio.com","Est. reading time":"1 minute"},"schema":{"@context":"https:\/\/schema.org","@graph":[{"@type":"WebPage","@id":"https:\/\/rusticgestio.com\/es\/finca-rustica-3-masias-turismo-rural-crespia\/","url":"https:\/\/rusticgestio.com\/es\/finca-rustica-3-masias-turismo-rural-crespia\/","name":"Finca r\u00fastica con 3 mas\u00edas de turismo rural en Crespi\u00e0 (Pla de l'Estany) - R\u00fastic Gesti\u00f3","isPartOf":{"@id":"https:\/\/rusticgestio.com\/#website"},"primaryImageOfPage":{"@id":"https:\/\/rusticgestio.com\/es\/finca-rustica-3-masias-turismo-rural-crespia\/#primaryimage"},"image":{"@id":"https:\/\/rusticgestio.com\/es\/finca-rustica-3-masias-turismo-rural-crespia\/#primaryimage"},"thumbnailUrl":"https:\/\/rusticgestio.com\/wp-content\/uploads\/2023\/05\/Mas-Teixidor-de-Crespia_Pagina_2-scaled.jpg","datePublished":"2023-05-23T15:31:14+00:00","dateModified":"2023-09-28T08:00:02+00:00","author":{"@id":"https:\/\/rusticgestio.com\/#\/schema\/person\/2a30395d5021b419f32b964826a41d5c"},"description":"Finca en venta en Crespi\u00e0 (Pla de l'Estany) | Mas\u00eda Catalana y Masover\u00edas habitables con superficie de cultivo. R\u00fastic Gesti\u00f3, Mas\u00edas y Fincas R\u00fasticas","breadcrumb":{"@id":"https:\/\/rusticgestio.com\/es\/finca-rustica-3-masias-turismo-rural-crespia\/#breadcrumb"},"inLanguage":"es-ES","potentialAction":[{"@type":"ReadAction","target":["https:\/\/rusticgestio.com\/es\/finca-rustica-3-masias-turismo-rural-crespia\/"]}]},{"@type":"ImageObject","inLanguage":"es-ES","@id":"https:\/\/rusticgestio.com\/es\/finca-rustica-3-masias-turismo-rural-crespia\/#primaryimage","url":"https:\/\/rusticgestio.com\/wp-content\/uploads\/2023\/05\/Mas-Teixidor-de-Crespia_Pagina_2-scaled.jpg","contentUrl":"https:\/\/rusticgestio.com\/wp-content\/uploads\/2023\/05\/Mas-Teixidor-de-Crespia_Pagina_2-scaled.jpg","width":2560,"height":1653},{"@type":"BreadcrumbList","@id":"https:\/\/rusticgestio.com\/es\/finca-rustica-3-masias-turismo-rural-crespia\/#breadcrumb","itemListElement":[{"@type":"ListItem","position":1,"name":"Inici","item":"https:\/\/rusticgestio.com\/es\/"},{"@type":"ListItem","position":2,"name":"Finca r\u00fastica con 3 mas\u00edas de turismo rural en Crespi\u00e0 (Pla de l&#8217;Estany)"}]},{"@type":"WebSite","@id":"https:\/\/rusticgestio.com\/#website","url":"https:\/\/rusticgestio.com\/","name":"R\u00fastic Gesti\u00f3","description":"Altre lloc gestionat amb el WordPress","potentialAction":[{"@type":"SearchAction","target":{"@type":"EntryPoint","urlTemplate":"https:\/\/rusticgestio.com\/?s={search_term_string}"},"query-input":{"@type":"PropertyValueSpecification","valueRequired":true,"valueName":"search_term_string"}}],"inLanguage":"es-ES"},{"@type":"Person","@id":"https:\/\/rusticgestio.com\/#\/schema\/person\/2a30395d5021b419f32b964826a41d5c","name":"rusticgestio.com","image":{"@type":"ImageObject","inLanguage":"es-ES","@id":"https:\/\/rusticgestio.com\/#\/schema\/person\/image\/","url":"https:\/\/secure.gravatar.com\/avatar\/c0221d497a42c388a593d7e92f6fc77f?s=96&d=mm&r=g","contentUrl":"https:\/\/secure.gravatar.com\/avatar\/c0221d497a42c388a593d7e92f6fc77f?s=96&d=mm&r=g","caption":"rusticgestio.com"},"url":"https:\/\/rusticgestio.com\/es\/author\/rust1c\/"}]}},"_links":{"self":[{"href":"https:\/\/rusticgestio.com\/es\/wp-json\/wp\/v2\/posts\/12329","targetHints":{"allow":["GET"]}}],"collection":[{"href":"https:\/\/rusticgestio.com\/es\/wp-json\/wp\/v2\/posts"}],"about":[{"href":"https:\/\/rusticgestio.com\/es\/wp-json\/wp\/v2\/types\/post"}],"author":[{"embeddable":true,"href":"https:\/\/rusticgestio.com\/es\/wp-json\/wp\/v2\/users\/1"}],"replies":[{"embeddable":true,"href":"https:\/\/rusticgestio.com\/es\/wp-json\/wp\/v2\/comments?post=12329"}],"version-history":[{"count":3,"href":"https:\/\/rusticgestio.com\/es\/wp-json\/wp\/v2\/posts\/12329\/revisions"}],"predecessor-version":[{"id":12820,"href":"https:\/\/rusticgestio.com\/es\/wp-json\/wp\/v2\/posts\/12329\/revisions\/12820"}],"wp:featuredmedia":[{"embeddable":true,"href":"https:\/\/rusticgestio.com\/es\/wp-json\/wp\/v2\/media\/12333"}],"wp:attachment":[{"href":"https:\/\/rusticgestio.com\/es\/wp-json\/wp\/v2\/media?parent=12329"}],"wp:term":[{"taxonomy":"category","embeddable":true,"href":"https:\/\/rusticgestio.com\/es\/wp-json\/wp\/v2\/categories?post=12329"},{"taxonomy":"post_tag","embeddable":true,"href":"https:\/\/rusticgestio.com\/es\/wp-json\/wp\/v2\/tags?post=12329"}],"curies":[{"name":"wp","href":"https:\/\/api.w.org\/{rel}","templated":true}]}}